[{"@context":"https:\/\/schema.org\/","@type":"Article","@id":"https:\/\/www.zesto.cz\/delej-co-te-bavi\/#Article","mainEntityOfPage":"https:\/\/www.zesto.cz\/delej-co-te-bavi\/","headline":"D\u011blej co t\u011b bav\u00ed","name":"D\u011blej co t\u011b bav\u00ed","description":"Nikdy jsem se netou\u017eila b\u00fdt vzd\u011blan\u00e1, proto\u017ee sice vzd\u011bl\u00e1n\u00ed je d\u016fle\u017eit\u00e9, ale nikdy jsem netou\u017eila po tom, \u017ee bych musela m\u00edt p\u0159\u00edmo vysokou \u0161kolu. Ale mysl\u00edm si, \u017ee vysoko\u0161kol\u00e1ci jsou velice chyt\u0159\u00ed a \u017ee prost\u011b maj\u00ed takov\u00fd ten cit na to u\u010den\u00ed. J\u00e1 jsem na to prost\u011b nikdy nebyla a necht\u011bla jsem nikdy j\u00edt t\u0159eba [&hellip;]","datePublished":"2024-08-30","dateModified":"2024-08-30","author":{"@type":"Person","@id":"https:\/\/www.zesto.cz\/author\/#Person","name":"","url":"https:\/\/www.zesto.cz\/author\/","identifier":1,"image":{"@type":"ImageObject","@id":"https:\/\/secure.gravatar.com\/avatar\/739bdad9092f7204ebf16dfadfb581e3e92e1ade2f5cc299a7779b7760a7d2fc?s=96&d=mm&r=g","url":"https:\/\/secure.gravatar.com\/avatar\/739bdad9092f7204ebf16dfadfb581e3e92e1ade2f5cc299a7779b7760a7d2fc?s=96&d=mm&r=g","height":96,"width":96}},"publisher":{"@type":"Organization","name":"zesto.cz","logo":{"@type":"ImageObject","@id":"\/logo.png","url":"\/logo.png","width":600,"height":60}},"image":{"@type":"ImageObject","@id":"https:\/\/www.zesto.cz\/wp-content\/uploads\/istockphoto-1222014586-612x612.jpg","url":"https:\/\/www.zesto.cz\/wp-content\/uploads\/istockphoto-1222014586-612x612.jpg","height":0,"width":0},"url":"https:\/\/www.zesto.cz\/delej-co-te-bavi\/","about":["Vzd\u011bl\u00e1n\u00ed"],"wordCount":465,"articleBody":"Nikdy jsem se netou\u017eila b\u00fdt vzd\u011blan\u00e1, proto\u017ee sice vzd\u011bl\u00e1n\u00ed je d\u016fle\u017eit\u00e9, ale nikdy jsem netou\u017eila po tom, \u017ee bych musela m\u00edt p\u0159\u00edmo vysokou \u0161kolu. Ale mysl\u00edm si, \u017ee vysoko\u0161kol\u00e1ci jsou velice chyt\u0159\u00ed a \u017ee prost\u011b maj\u00ed takov\u00fd ten cit na to u\u010den\u00ed. J\u00e1 jsem na to prost\u011b nikdy nebyla a necht\u011bla jsem nikdy j\u00edt t\u0159eba na vysokou \u0161kolu. Stra\u0161n\u011b jsem si p\u0159\u00e1la b\u00fdt \u010d\u00ed\u0161nice. V\u017edycky jsem p\u0159em\u00fd\u0161lela, kdy\u017e jsem chodila do 9. t\u0159\u00eddy, nad t\u00edm, co bych cht\u011bla v \u017eivot\u011b d\u011blat, ale v\u017edycky, kdy\u017e jsem sed\u011bla s moj\u00ed rodinou v restauraci, tak jsem m\u011bla pocit, \u017ee jsem se tam prost\u011b na\u0161la a \u017ee jsem v\u017edycky cht\u011bla obsluhovat a prost\u011b b\u00fdt v t\u00e9 restauraci. Velice m\u011b tohle napl\u0148ovalo u\u017e jenom od pohledu, tak\u017ee jsem to cht\u011bla vyzkou\u0161et. V dev\u00e1t\u00e9 t\u0159\u00edd\u011b jsem prost\u011b nastoupila na obor Kucha\u0159-\u010d\u00ed\u0161n\u00edk, kde jsme se u\u010dili v\u0161echny mo\u017en\u00e9 recepty. U\u010dili jsme se stolov\u00e1n\u00ed a r\u016fzn\u00e9 v\u011bci, kter\u00e9 jsou d\u016fle\u017eit\u00e9 proto, abych byla \u010d\u00ed\u0161nic\u00ed, a velice m\u011b to bavilo. Je\u0161t\u011b jsem si dod\u011blala barmansk\u00fd kurz a hrozn\u011b jsem si to prost\u011b u\u017e\u00edvala. Pak jsem nastoupila na praxi a v\u011bd\u011bla jsem, \u017ee jsem p\u0159esn\u011b na\u0161la to, co jsem prost\u011b v\u017edycky hledala, a hrozn\u011b jsem si to prost\u011b ze srdce p\u0159\u00e1la, aby mi to vy\u0161lo. Jakmile jsem dokon\u010dila \u0161kolu, tak u\u017e jsem v\u011bd\u011bla, \u017ee u\u017e d\u00e1l prost\u011b j\u00edt nechci. Necht\u011bla jsem j\u00edt ani na n\u011bjakou n\u00e1stavbu. Prost\u011b jsem cht\u011bla u\u017e rovnou j\u00edt pracovat, tak\u017ee jsem si na\u0161la pr\u00e1ci v jedn\u00e9 restauraci kousek od na\u0161eho bydli\u0161t\u011b, kde jsem velice spokojen\u00e1 a u\u017e jsem tam dokonce 10 let. M\u016f\u017ee v\u00e1m \u0159\u00edct, \u017ee prost\u011b m\u00edt st\u00e1lou pr\u00e1ci, m\u00edt st\u00e1le kolegy a m\u00e1me velice super kolektiv, tak\u017ee si toho stra\u0161n\u011b v\u00e1\u017e\u00edm a jsem r\u00e1da, \u017ee jsem si vybrala takov\u00fd skv\u011bl\u00fd obor, proto\u017ee mi dal hodn\u011b nov\u00e9ho pozn\u00e1n\u00ed a vn\u00edm\u00e1n\u00ed kolem sebe. Jsem prost\u011b r\u00e1da, \u017ee jsem si vybrala ten obor, kter\u00fd mi prost\u011b sed\u00ed a vyhovuje. Rozhodn\u011b si mysl\u00edm, \u017ee pokud si vyberete obor takov\u00fd jako j\u00e1, \u017ee prost\u011b budete spokojen\u00ed. Ud\u011bl\u00e1te to nejlep\u0161\u00ed pro sebe, proto\u017ee nen\u00ed d\u016fle\u017eit\u00e9 m\u00edt vysokou \u0161kolu, sta\u010d\u00ed pouze to, kdy\u017e prost\u011b jste v oboru, kter\u00fd v\u00e1s bav\u00ed, a to je mnohem lep\u0161\u00ed kolikr\u00e1t ne\u017e vysok\u00e1 \u0161kola.                                                                                                                                                                                                                                                                                                                                                                                        3.6\/5 - (7 votes)        "},{"@context":"https:\/\/schema.org\/","@type":"BreadcrumbList","itemListElement":[{"@type":"ListItem","position":1,"name":"D\u011blej co t\u011b bav\u00ed","item":"https:\/\/www.zesto.cz\/delej-co-te-bavi\/#breadcrumbitem"}]}]