[{"@context":"https:\/\/schema.org\/","@type":"Article","@id":"https:\/\/www.zesto.cz\/aby-se-u-vas-navsteva-citila-dobre\/#Article","mainEntityOfPage":"https:\/\/www.zesto.cz\/aby-se-u-vas-navsteva-citila-dobre\/","headline":"Aby se u v\u00e1s n\u00e1v\u0161t\u011bva c\u00edtila dob\u0159e","name":"Aby se u v\u00e1s n\u00e1v\u0161t\u011bva c\u00edtila dob\u0159e","description":"Zvete k v\u00e1m vz\u00e1cnou n\u00e1v\u0161t\u011bvu, nap\u0159\u00edklad ze zahrani\u010d\u00ed, a chcete se postarat o maxim\u00e1ln\u00ed komfort a pohodl\u00ed a sou\u010dasn\u011b s t\u00edm zajistit d\u016fkladn\u00fd \u00faklid? Pak tak\u00e9 nezapom\u00ednejte na v\u00e1\u0161 koberec. Jestli\u017ee se lid\u00e9 rozhodnou za\u010d\u00edt s \u00faklidem obytn\u00fdch prostor, nepochybn\u011b to nemine koupelnu s toaletou a kuchyni, kde se d\u016fkladn\u011b um\u00fdvaj\u00ed obklady a dla\u017eba, n\u00e1bytek [&hellip;]","datePublished":"2024-12-21","dateModified":"2024-12-21","author":{"@type":"Person","@id":"https:\/\/www.zesto.cz\/author\/#Person","name":"","url":"https:\/\/www.zesto.cz\/author\/","identifier":1,"image":{"@type":"ImageObject","@id":"https:\/\/secure.gravatar.com\/avatar\/739bdad9092f7204ebf16dfadfb581e3e92e1ade2f5cc299a7779b7760a7d2fc?s=96&d=mm&r=g","url":"https:\/\/secure.gravatar.com\/avatar\/739bdad9092f7204ebf16dfadfb581e3e92e1ade2f5cc299a7779b7760a7d2fc?s=96&d=mm&r=g","height":96,"width":96}},"publisher":{"@type":"Organization","name":"zesto.cz","logo":{"@type":"ImageObject","@id":"\/logo.png","url":"\/logo.png","width":600,"height":60}},"image":{"@type":"ImageObject","@id":"https:\/\/www.zesto.cz\/wp-content\/uploads\/vacuum-cleaner-268179_640_10_10_6.jpg","url":"https:\/\/www.zesto.cz\/wp-content\/uploads\/vacuum-cleaner-268179_640_10_10_6.jpg","height":0,"width":0},"url":"https:\/\/www.zesto.cz\/aby-se-u-vas-navsteva-citila-dobre\/","about":["Firmy"],"wordCount":412,"articleBody":"      Zvete k v\u00e1m vz\u00e1cnou n\u00e1v\u0161t\u011bvu, nap\u0159\u00edklad ze zahrani\u010d\u00ed, a chcete se postarat o maxim\u00e1ln\u00ed komfort a pohodl\u00ed a sou\u010dasn\u011b s t\u00edm zajistit d\u016fkladn\u00fd \u00faklid? Pak tak\u00e9 nezapom\u00ednejte na v\u00e1\u0161 koberec.Jestli\u017ee se lid\u00e9 rozhodnou za\u010d\u00edt s \u00faklidem obytn\u00fdch prostor, nepochybn\u011b to nemine koupelnu s toaletou a kuchyni, kde se d\u016fkladn\u011b um\u00fdvaj\u00ed obklady a dla\u017eba, n\u00e1bytek \u010di sv\u00edtidla, a pak se p\u0159ejde do dal\u0161\u00edch prostor \u2013 ob\u00fdv\u00e1ku \u010di lo\u017enice a pokra\u010duje se tu v podobn\u00e9m duchu. Jakmile se n\u00e1bytek, osv\u011btlen\u00ed a okna lesknou, a nikde neobjev\u00edte zapr\u00e1\u0161enou plochu, p\u0159ijde na \u0159adu pytl\u00edkov\u00fd vysava\u010d a d\u016fkladn\u00fdm vys\u00e1v\u00e1n\u00edm koberc\u016f \u00faklid kon\u010d\u00ed.Jen\u017ee to je pr\u00e1v\u011b docela \u010dasto velk\u00e1 chyba, nebo\u0165 vysava\u010d rozhodn\u011b nezajist\u00ed d\u016fkladnou \u010distotu kobercov\u00fdch vl\u00e1ken. Nen\u00ed na to ani stav\u011bn\u00fd a m\u011bli byste si uv\u011bdomit, \u017ee na koberci pak z\u016fst\u00e1v\u00e1 pom\u011brn\u011b velk\u00e9 procento prachu sm\u00edchan\u00e9ho s mastnotou, vlhk\u00fdm vzduchem, potem, vlasy, chlupy a dal\u0161\u00edmi organick\u00fdmi ne\u010distotami. A kdy\u017e se na koberec zahled\u00edte s jist\u00fdm d\u016frazem, zjist\u00edte, \u017ee je jeho povrch za\u0161edl\u00fd, ponur\u00fd, \u017ee ztr\u00e1c\u00ed p\u016fvodn\u00ed barvu a lesk, a n\u011bkdy tak\u00e9 nep\u0159\u00edjemn\u011b p\u00e1chne jako nemyt\u00e9 bos\u00e9 nohy. Nem\u011bli bychom tedy zapom\u00ednat v r\u00e1mci gruntov\u00e1n\u00ed bytu i na d\u016fkladn\u00e9 \u010di\u0161t\u011bn\u00ed koberce Modr\u00fd \u017eralok, a to nejl\u00e9pe s pov\u011b\u0159en\u00edm profesion\u00e1ln\u00ed \u00faklidov\u00e9 firmy, kter\u00e1 na koberec vyrukuje se speci\u00e1ln\u00edm strojem. Koberec nechte vy\u010distit minim\u00e1ln\u011b jednou za rok a je-li zde v\u011bt\u0161\u00ed frekvence pohybu osob nebo dom\u00e1c\u00edch zv\u00ed\u0159at, vypl\u00e1c\u00ed se d\u016fkladn\u00e9 \u010di\u0161t\u011bn\u00ed prov\u00e1d\u011bt \u010dast\u011bji. Na vy\u010di\u0161t\u011bn\u00fd koberec se pak m\u016f\u017eete s va\u0161\u00ed n\u00e1v\u0161t\u011bvou i posadit, zahr\u00e1t si tu karetn\u00ed \u010di deskov\u00e9 hry, prohl\u00ed\u017eet fotky z dovolen\u00e9, zacvi\u010dit si tu, prot\u00e1hnout z\u00e1da a rozlo\u017eit podnosy s ob\u010derstven\u00edm. Koberce jsou pro tyto \u00fa\u010dely vhodn\u00e9 zejm\u00e9na pro svou velkou plochu, m\u00e1te tu lep\u0161\u00ed p\u0159ehled a u v\u011bt\u0161\u00edho po\u010dtu osob se vyplat\u00ed odsunout konferen\u010dn\u00ed stolek a posed\u011bt na podlaze, kde na sebe v\u0161ichni dob\u0159e vid\u00ed.                                                                                                                                                                                                                                                                                                                                                                                           4.8\/5 - (6 votes)        "},{"@context":"https:\/\/schema.org\/","@type":"BreadcrumbList","itemListElement":[{"@type":"ListItem","position":1,"name":"Aby se u v\u00e1s n\u00e1v\u0161t\u011bva c\u00edtila dob\u0159e","item":"https:\/\/www.zesto.cz\/aby-se-u-vas-navsteva-citila-dobre\/#breadcrumbitem"}]}]